[{"@context":"https:\/\/schema.org\/","@type":"Article","@id":"https:\/\/www.alfatyre.sk\/stale-naliehavejsi-problem-s-hyperaktivitou-deti-si-vyzaduje-odborny-pristup\/#Article","mainEntityOfPage":"https:\/\/www.alfatyre.sk\/stale-naliehavejsi-problem-s-hyperaktivitou-deti-si-vyzaduje-odborny-pristup\/","headline":"St\u00e1le naliehavej\u0161\u00ed probl\u00e9m s hyperaktivitou det\u00ed si vy\u017eaduje odborn\u00fd pr\u00edstup","name":"St\u00e1le naliehavej\u0161\u00ed probl\u00e9m s hyperaktivitou det\u00ed si vy\u017eaduje odborn\u00fd pr\u00edstup","description":"Ve\u013emi akt\u00edvne deti sa za \u010dias na\u0161ich rodi\u010dov naz\u00fdvali jednoducho neposedn\u00e9, no posledn\u00e9 roky sa \u010doraz \u010dastej\u0161ie stret\u00e1vame so skratkou ADHD, \u010do by sme mohli prelo\u017ei\u0165 ako porucha pozornosti spojen\u00e1 s\u00a0hyperaktivitou. Hovor\u00edme o\u00a0spr\u00e1van\u00ed sa die\u0165a\u0165a, vlastne poruche, ktor\u00e1 nie je v\u00a0s\u00falade s\u00a0inteligenciou v danom veku a\u00a0vekom die\u0165a\u0165a. \u00a0 Hyperakt\u00edvnej\u0161\u00ed s\u00fa chlapci Pojem ADHD bol v\u00a0star\u0161ej ... <a title=\"St\u00e1le naliehavej\u0161\u00ed probl\u00e9m s hyperaktivitou det\u00ed si vy\u017eaduje odborn\u00fd pr\u00edstup\" class=\"read-more\" href=\"https:\/\/www.alfatyre.sk\/stale-naliehavejsi-problem-s-hyperaktivitou-deti-si-vyzaduje-odborny-pristup\/\">Read more<span class=\"screen-reader-text\">St\u00e1le naliehavej\u0161\u00ed probl\u00e9m s hyperaktivitou det\u00ed si vy\u017eaduje odborn\u00fd pr\u00edstup<\/span><\/a>","datePublished":"2020-01-25","dateModified":"2023-04-25","author":{"@type":"Person","@id":"https:\/\/www.alfatyre.sk\/author\/#Person","name":"","url":"https:\/\/www.alfatyre.sk\/author\/","identifier":1,"image":{"@type":"ImageObject","@id":"https:\/\/secure.gravatar.com\/avatar\/a6945111a6684c356ffa2edea93eeeab9450e38d2439d8ecd0a625f734db9218?s=96&d=mm&r=g","url":"https:\/\/secure.gravatar.com\/avatar\/a6945111a6684c356ffa2edea93eeeab9450e38d2439d8ecd0a625f734db9218?s=96&d=mm&r=g","height":96,"width":96}},"publisher":{"@type":"Organization","name":"alfatyre.sk","logo":{"@type":"ImageObject","@id":"\/logo.png","url":"\/logo.png","width":600,"height":60}},"image":{"@type":"ImageObject","@id":"https:\/\/www.alfatyre.sk\/wp-content\/uploads\/img_a309766_w2020_t1580226646.jpg","url":"https:\/\/www.alfatyre.sk\/wp-content\/uploads\/img_a309766_w2020_t1580226646.jpg","height":0,"width":0},"url":"https:\/\/www.alfatyre.sk\/stale-naliehavejsi-problem-s-hyperaktivitou-deti-si-vyzaduje-odborny-pristup\/","about":["Deti"],"wordCount":437,"articleBody":"Ve\u013emi akt\u00edvne deti sa za \u010dias na\u0161ich rodi\u010dov naz\u00fdvali jednoducho neposedn\u00e9, no posledn\u00e9 roky sa \u010doraz \u010dastej\u0161ie stret\u00e1vame so skratkou ADHD, \u010do by sme mohli prelo\u017ei\u0165 ako porucha pozornosti spojen\u00e1 s\u00a0hyperaktivitou. Hovor\u00edme o\u00a0spr\u00e1van\u00ed sa die\u0165a\u0165a, vlastne poruche, ktor\u00e1 nie je v\u00a0s\u00falade s\u00a0inteligenciou v danom veku a\u00a0vekom die\u0165a\u0165a.\u00a0Hyperakt\u00edvnej\u0161\u00ed s\u00fa chlapciPojem ADHD bol v\u00a0star\u0161ej literat\u00fare uv\u00e1dzan\u00fd ako \u013eahk\u00e1 mozgov\u00e1 dysfunkcia, \u010do v\u00a0preklade znamen\u00e1, \u017ee rozumov\u00e9 schopnosti a\u00a0komplexn\u00e1 motorika nie s\u00fa v\u00fdrazne postihnut\u00e9. \u0160kol\u00e1ci s\u00a0touto diagn\u00f3zou s\u00fa ve\u013emi impulz\u00edvni, hyperakt\u00edvni a\u00a0maj\u00fa probl\u00e9my so s\u00fastreden\u00edm. Rodi\u010dia sa v\u0161ak nemusia b\u00e1\u0165, \u017ee tieto dispoz\u00edcie deti z\u00edskali zlou v\u00fdchovou. Probl\u00e9my treba h\u013eada\u0165 v\u00a0biologick\u00fdch podnetoch. No ak die\u0165a nie je lie\u010den\u00e9 alebo lie\u010dba nie je nastaven\u00e1 spr\u00e1vne, v\u00a0jeho \u010fal\u0161om \u017eivote to m\u00f4\u017ee ma\u0165 v\u00e1\u017ene n\u00e1sledky. V\u00a0pr\u00edpade, \u017ee je u\u00a0\u017eiaka podozrenie na t\u00fato diagn\u00f3zu, treba oslovi\u0165 lek\u00e1ra \u2013odborn\u00edka a\u00a0po\u017eiada\u0165 ho o d\u00f4kladn\u00e9 vy\u0161etrenie. Ide o\u00a0neurol\u00f3ga, pediatra \u010di psychiatra v\u00a0spolupr\u00e1ci so \u0161peci\u00e1lnym psychol\u00f3gom a\u00a0pedag\u00f3gom. Je zauj\u00edmav\u00e9, \u017ee vo v\u00e4\u010d\u0161ine pr\u00edpadov s\u00fa touto poruchou postihnut\u00ed chlapci. Jednozna\u010dne stanovi\u0165 pr\u00ed\u010dinu je dos\u0165 n\u00e1ro\u010dn\u00e9, preto\u017ee faktorov, ktor\u00e9 na to m\u00f4\u017eu ma\u0165 vplyv je ve\u013ea.\u00a0M\u00f4\u017ee \u00eds\u0165 o:-dedi\u010dnos\u0165-po\u0161kodenie \u010dasti mozgu riadiacej spracovanie impulzov-poranenia v\u00a0tehotenstve alebo nejak\u00e9 komplik\u00e1cie pri p\u00f4rode-zne\u010disten\u00e9 \u017eivotn\u00e9 prostredie-u\u017e\u00edvanie drog a\u00a0alkoholu \u017eien po\u010das tehotenstva-strava-poruchy metabolizmu a\u00a0alergie-pr\u00edpadn\u00e1 otrava olovom a\u00a0podobne\u00a0Odborn\u00e1 lie\u010dba ja najlep\u0161ia vo\u013ebaNapriek tomu, \u017ee v\u00fdchova t\u00fdchto det\u00ed je ve\u013emi problematick\u00e1, rodi\u010dia robia v\u0161etko preto, aby zmiernili prejavy poruchy, no neprin\u00e1\u0161a to \u017eiadan\u00e9 v\u00fdsledky. Pod\u013ea odborn\u00edkov m\u00f4\u017ee by\u0165 jednou z\u00a0pr\u00ed\u010din nespr\u00e1vny pr\u00edstup k\u00a0die\u0165a\u0165u v\u00a0\u00fatlom veku, ktor\u00fd je d\u00f4le\u017eit\u00fd pre vytv\u00e1ranie citov\u00fdch v\u00e4zieb. V\u00a0neskor\u0161om veku sa potom nedok\u00e1\u017ee dlh\u0161ie s\u00fastredi\u0165 a\u00a0\u013eahko ho rozpt\u00fdli aj mal\u00fd podnet, nedok\u00e1\u017ee samostatne pracova\u0165, zmyslov\u00e9 vn\u00edmanie je otupen\u00e9 a\u00a0probl\u00e9my m\u00e1 aj s\u00a0jemnou motorikou. Lie\u010dbu by tak rodi\u010dia nemali podceni\u0165, aby v\u00a0bud\u00facnosti ich ratolesti netr\u00e1pili v\u00e1\u017enej\u0161ie psychick\u00e9 poruchy.                                                                                                                                                                                                                                                                                                                                                                                        3.8\/5 - (6 votes)        "},{"@context":"https:\/\/schema.org\/","@type":"BreadcrumbList","itemListElement":[{"@type":"ListItem","position":1,"name":"St\u00e1le naliehavej\u0161\u00ed probl\u00e9m s hyperaktivitou det\u00ed si vy\u017eaduje odborn\u00fd pr\u00edstup","item":"https:\/\/www.alfatyre.sk\/stale-naliehavejsi-problem-s-hyperaktivitou-deti-si-vyzaduje-odborny-pristup\/#breadcrumbitem"}]}]