[{"@context":"https:\/\/schema.org\/","@type":"Article","@id":"https:\/\/www.alfatyre.sk\/moda-je-uzasna\/#Article","mainEntityOfPage":"https:\/\/www.alfatyre.sk\/moda-je-uzasna\/","headline":"M\u00f3da je \u00fa\u017easn\u00e1","name":"M\u00f3da je \u00fa\u017easn\u00e1","description":"Nie v\u017edy \u017eeny vedia, \u010do je pre ne najlep\u0161ie. Niekedy nevedia ani to, ako by sa mali oblieka\u0165 a\u00a0\u010do by mali robi\u0165 preto, aby boli so sebou v\u017edy spokojn\u00e9. Je jasn\u00e9, \u017ee v\u0161etko m\u00e1 svoj vlastn\u00fd v\u00fdznam a\u00a0aj to, ak\u00fa farbu svetra si d\u00e1te na seba, ke\u010f idete von. Nechceme v\u0161ak k\u00e1za\u0165 o\u00a0psychol\u00f3gii farieb. Ide ... <a title=\"M\u00f3da je \u00fa\u017easn\u00e1\" class=\"read-more\" href=\"https:\/\/www.alfatyre.sk\/moda-je-uzasna\/\">Read more<span class=\"screen-reader-text\">M\u00f3da je \u00fa\u017easn\u00e1<\/span><\/a>","datePublished":"2018-07-07","dateModified":"2023-04-25","author":{"@type":"Person","@id":"https:\/\/www.alfatyre.sk\/author\/#Person","name":"","url":"https:\/\/www.alfatyre.sk\/author\/","identifier":1,"image":{"@type":"ImageObject","@id":"https:\/\/secure.gravatar.com\/avatar\/a6945111a6684c356ffa2edea93eeeab9450e38d2439d8ecd0a625f734db9218?s=96&d=mm&r=g","url":"https:\/\/secure.gravatar.com\/avatar\/a6945111a6684c356ffa2edea93eeeab9450e38d2439d8ecd0a625f734db9218?s=96&d=mm&r=g","height":96,"width":96}},"publisher":{"@type":"Organization","name":"alfatyre.sk","logo":{"@type":"ImageObject","@id":"\/logo.png","url":"\/logo.png","width":600,"height":60}},"image":{"@type":"ImageObject","@id":"https:\/\/www.alfatyre.sk\/wp-content\/uploads\/img_a290956_w2020_t1536326342.jpg","url":"https:\/\/www.alfatyre.sk\/wp-content\/uploads\/img_a290956_w2020_t1536326342.jpg","height":0,"width":0},"url":"https:\/\/www.alfatyre.sk\/moda-je-uzasna\/","wordCount":450,"articleBody":"Nie v\u017edy \u017eeny vedia, \u010do je pre ne najlep\u0161ie. Niekedy nevedia ani to, ako by sa mali oblieka\u0165 a\u00a0\u010do by mali robi\u0165 preto, aby boli so sebou v\u017edy spokojn\u00e9. Je jasn\u00e9, \u017ee v\u0161etko m\u00e1 svoj vlastn\u00fd v\u00fdznam a\u00a0aj to, ak\u00fa farbu svetra si d\u00e1te na seba, ke\u010f idete von. Nechceme v\u0161ak k\u00e1za\u0165 o\u00a0psychol\u00f3gii farieb. Ide o\u00a0to, aby ste sa vo veciach, ktor\u00e9 nos\u00edte, c\u00edtili dobre. Inak nem\u00e1 zmysel v\u00f4bec ni\u010d a\u00a0vy to ur\u010dite ve\u013emi dobre viete. A\u00a0v\u0161etko, \u010do by ste chceli nosi\u0165, mus\u00ed by\u0165 pre v\u00e1s d\u00f4le\u017eit\u00e9. Nebudete predsa nosi\u0165 nie\u010do len tak, aby sa nepovedalo, no nie?Teraz v\u0161ak pre v\u00e1s mus\u00ed by\u0165 d\u00f4le\u017eit\u00e9 aj to, aby ste boli so sebou spokojn\u00fd a\u00a0ke\u010f sa v\u00e1m p\u00e1\u010di, \u010do nos\u00edte, tak sa to jednoducho bude p\u00e1\u010di\u0165 aj v\u00e1\u0161mu okoliu. Nebojte sa uk\u00e1za\u0165 v\u00e1\u0161 ob\u013e\u00faben\u00fd k\u00fasok, nech je to akoko\u013evek bl\u00e1zniv\u00e9. V\u017edy, ke\u010f sa pozriete na mali\u010dkosti, ktor\u00e9 v\u00e1s obklopuj\u00fa, je jasn\u00e9, \u017ee je to pre v\u00e1s naozaj d\u00f4le\u017eit\u00e9. \u010ci u\u017e je to ob\u013e\u00faben\u00fd sveter, alebo ob\u013e\u00faben\u00e9 rifle, mali by ste uk\u00e1za\u0165, \u017ee je to pre v\u00e1s v\u00e1\u017ene d\u00f4le\u017eit\u00e9. Ke\u010f si mysl\u00edte, \u017ee je to hl\u00fapos\u0165, m\u00fdlite sa. Verte tomu, \u017ee to nie je ni\u010d, za \u010do by ste sa mali hanbi\u0165.\u00a0Ak si mysl\u00edte, \u017ee sa ni\u010d ned\u00e1 a\u00a0\u017ee nie je ni\u010d pod\u013ea v\u00e1s, mali by ste to zmeni\u0165. M\u00f3da nie je nie\u010do, \u010do by ste nemohli meni\u0165 a\u00a0na \u010do by ste nemohli zmeni\u0165 n\u00e1zor, pr\u00e1ve naopak. To je na tom pr\u00e1ve \u00fa\u017easn\u00e9, \u017ee nech sa deje \u010doko\u013evek, m\u00f4\u017eete zmeni\u0165 v\u0161etko, \u010do je okolo v\u00e1s a\u00a0m\u00f4\u017eete s\u00a0t\u00fdm urobi\u0165 nie\u010do, \u010do by ste predt\u00fdm ne\u010dakali. M\u00f3da je \u00fa\u017easn\u00e1 vec a\u00a0verte tomu, \u017ee sa do nej a\u00a0aj do toho, \u010do predstavuje, tot\u00e1lne zamilujete. A\u00a0to je na tom to kr\u00e1sne a\u00a0to je naozaj nie\u010do, \u010do v\u00e1s bude dr\u017ea\u0165 nad vodou v\u00a0ka\u017edom okamihu. Ale nebojte sa. Nie je to ni\u010d, za \u010do by ste sa mali hanbi\u0165. Viete, ko\u013eko \u013eud\u00ed m\u00f3du neuverite\u013ene miluje? A\u00a0nehanb\u00ed sa za to a\u00a0nechce na tom v\u00f4bec ni\u010d zmeni\u0165. Tak bu\u010fte aj vy jednou z\u00a0t\u00fdch os\u00f4b. Uvid\u00edte, \u017ee to bude st\u00e1\u0165 za to a\u00a0budete to skuto\u010dne milova\u0165.                                                                                                                                                                                                                                                                                                                                                                                        3.6\/5 - (8 votes)        "},{"@context":"https:\/\/schema.org\/","@type":"BreadcrumbList","itemListElement":[{"@type":"ListItem","position":1,"name":"M\u00f3da je \u00fa\u017easn\u00e1","item":"https:\/\/www.alfatyre.sk\/moda-je-uzasna\/#breadcrumbitem"}]}]