[{"@context":"https:\/\/schema.org\/","@type":"Article","@id":"https:\/\/www.alfatyre.sk\/kvalitne-antialergicke-matrace\/#Article","mainEntityOfPage":"https:\/\/www.alfatyre.sk\/kvalitne-antialergicke-matrace\/","headline":"Kvalitn\u00e9 antialergick\u00e9 matrace.","name":"Kvalitn\u00e9 antialergick\u00e9 matrace.","description":"Dnes e\u0161te medzi niektor\u00fdmi skupinami z\u00e1kazn\u00edkov v predajniach s matracmi prevl\u00e1da n\u00e1zor, \u017ee pru\u017einov\u00e9 matrace patria u\u017e iba minulosti. Tento n\u00e1zor je spojen\u00fd so sk\u00fasenos\u0165ami najm\u00e4 sk\u00f4r naroden\u00fdch klientov, ktor\u00fdm sa e\u0161te aj dnes sn\u00edva o v\u0155zgaj\u00facich pru\u017ein\u00e1ch v star\u00fdch vyle\u017ean\u00fdch matracoch. No aj ke\u010f dnes u\u017e medzi pru\u017einov\u00e9 matrace rad\u00edme aj vysokokvalitn\u00e9 ta\u0161ti\u010dkov\u00e9 matrace ... <a title=\"Kvalitn\u00e9 antialergick\u00e9 matrace.\" class=\"read-more\" href=\"https:\/\/www.alfatyre.sk\/kvalitne-antialergicke-matrace\/\">Read more<span class=\"screen-reader-text\">Kvalitn\u00e9 antialergick\u00e9 matrace.<\/span><\/a>","datePublished":"2022-03-24","dateModified":"2023-04-25","author":{"@type":"Person","@id":"https:\/\/www.alfatyre.sk\/author\/#Person","name":"","url":"https:\/\/www.alfatyre.sk\/author\/","identifier":1,"image":{"@type":"ImageObject","@id":"https:\/\/secure.gravatar.com\/avatar\/a6945111a6684c356ffa2edea93eeeab9450e38d2439d8ecd0a625f734db9218?s=96&d=mm&r=g","url":"https:\/\/secure.gravatar.com\/avatar\/a6945111a6684c356ffa2edea93eeeab9450e38d2439d8ecd0a625f734db9218?s=96&d=mm&r=g","height":96,"width":96}},"publisher":{"@type":"Organization","name":"alfatyre.sk","logo":{"@type":"ImageObject","@id":"\/logo.png","url":"\/logo.png","width":600,"height":60}},"image":{"@type":"ImageObject","@id":"https:\/\/www.alfatyre.sk\/wp-content\/uploads\/kvalitn%C3%BD%20sp%C3%A1nok%20(5).jpg","url":"https:\/\/www.alfatyre.sk\/wp-content\/uploads\/kvalitn%C3%BD%20sp%C3%A1nok%20(5).jpg","height":0,"width":0},"url":"https:\/\/www.alfatyre.sk\/kvalitne-antialergicke-matrace\/","about":["V\u00fdrobky"],"wordCount":407,"articleBody":"   Dnes e\u0161te medzi niektor\u00fdmi skupinami z\u00e1kazn\u00edkov v predajniach s matracmi prevl\u00e1da n\u00e1zor, \u017ee pru\u017einov\u00e9 matrace patria u\u017e iba minulosti. Tento n\u00e1zor je spojen\u00fd so sk\u00fasenos\u0165ami najm\u00e4 sk\u00f4r naroden\u00fdch klientov, ktor\u00fdm sa e\u0161te aj dnes sn\u00edva o v\u0155zgaj\u00facich pru\u017ein\u00e1ch v star\u00fdch vyle\u017ean\u00fdch matracoch. No aj ke\u010f dnes u\u017e medzi pru\u017einov\u00e9 matrace rad\u00edme aj vysokokvalitn\u00e9 ta\u0161ti\u010dkov\u00e9 matrace s ve\u013ek\u00fdm mno\u017estvom mali\u010dk\u00fdch pru\u017e\u00edn, niektor\u00ed klienti sa postupne vracaj\u00fa aj ku klasick\u00fdm pru\u017einov\u00fdm matracom.Jadro matraca klasick\u00fdch pru\u017einov\u00fdch matracov Segum tvoria ve\u013ek\u00e9 Bonell pru\u017einy, ktor\u00e9 s\u00fa na rozdiel od minulosti vyroben\u00e9 z vysokokvalitn\u00fdch materi\u00e1lov. Tak\u017ee ani po rokoch sa ich majitelia nemusia ob\u00e1va\u0165 nepr\u00edjemn\u00e9ho v\u0155zgania alebo hrdzavenia t\u00fdchto komponentov. Tieto matrace s\u00fa v\u00e4\u010d\u0161inou doplnen\u00e9 vrstvami peny na povrchu matraca, ktor\u00e9 zaru\u010duj\u00fa pr\u00edjemn\u00e9 a pohodln\u00e9 spanie. No a v kombin\u00e1cii s Bonell pru\u017einami tak pon\u00fakaj\u00fa tak\u00e9to pru\u017einov\u00e9 matrace ve\u013ek\u00e9 mno\u017estvo v\u00fdhod, ktor\u00e9 ocenia ur\u010dit\u00e9 skupiny z\u00e1kazn\u00edkov. V prvom rade ide o fakt, \u017ee tieto matrace s\u00fa maxim\u00e1lne vzdu\u0161n\u00e9.Pre\u010do je vzdu\u0161nos\u0165 matraca v\u00fdhodn\u00e1?Jedn\u00fdm z najv\u00e4\u010d\u0161\u00edch probl\u00e9mov v\u0161etk\u00fdch matracov je skuto\u010dnos\u0165, \u017ee po \u010dase vo svojom vn\u00fatri nahromadia mno\u017estvo rozto\u010dov a r\u00f4znych mikroorganizmov. Tieto potom sp\u00f4sobuj\u00fa hlavne \u013eu\u010fom trpiacim na r\u00f4zne alergie nemal\u00e9 probl\u00e9my. A spom\u00ednan\u00e9 mikroorganizmy sa rozmno\u017euj\u00fa v priestoroch, kde je dostato\u010dn\u00e9 teplo a vlhkos\u0165. Teplo matracu dod\u00e1vame po\u010das sp\u00e1nku a vlhkos\u0165 sa tam dost\u00e1va z n\u00e1\u0161ho potu alebo okolit\u00e9ho vzduchu. A ke\u010f sa tak\u00fdto matrac nevetr\u00e1, tak mikroorganizmy tam maj\u00fa v\u00fdborn\u00e9 podmienky na mno\u017eenie a sp\u00f4sobuj\u00fa probl\u00e9my. No jadro pru\u017einov\u00fdch matracov je tvoren\u00e9 z ve\u013ekej \u010dasti vzduchom, ktor\u00fd tak m\u00e1 mo\u017enos\u0165 cirkulova\u0165 a je ve\u013emi efekt\u00edvny v boji s mikroorganizmami a alerg\u00e9nmi. Pru\u017einov\u00e9 matrace maj\u00fa aj ve\u013emi dlh\u00fa \u017eivotnos\u0165, tak\u017ee ak je pre v\u00e1s t\u00e1to ich vlastnos\u0165 d\u00f4le\u017eit\u00e1 a navy\u0161e trp\u00edte alergiami, tak tieto matrace bud\u00fa pre v\u00e1s t\u00fdm spr\u00e1vnym rie\u0161en\u00edm.                                                                                                                                                                                                                                                                                                                                                                                           4.3\/5 - (9 votes)        "},{"@context":"https:\/\/schema.org\/","@type":"BreadcrumbList","itemListElement":[{"@type":"ListItem","position":1,"name":"Kvalitn\u00e9 antialergick\u00e9 matrace.","item":"https:\/\/www.alfatyre.sk\/kvalitne-antialergicke-matrace\/#breadcrumbitem"}]}]