[{"@context":"https:\/\/schema.org\/","@type":"Article","@id":"https:\/\/www.alfatyre.sk\/bude-zima-bude-mraz\/#Article","mainEntityOfPage":"https:\/\/www.alfatyre.sk\/bude-zima-bude-mraz\/","headline":"Bude zima, bude mr\u00e1z","name":"Bude zima, bude mr\u00e1z","description":"S\u00a0pr\u00edchodom jesene\u00a0 a\u00a0zimy sa men\u00ed aj n\u00e1\u0161 \u0161atn\u00edk. Asi sa neradi l\u00fa\u010dime s\u00a0\u013eahu\u010dk\u00fdmi materi\u00e1lmi a\u00a0k\u00faskami oble\u010denia, ktor\u00e9 n\u00e1m robili spolo\u010dnos\u0165 a\u00a0dobr\u00fa slu\u017ebu v\u00a0tepl\u00fdch mesiacoch. N\u00e1stup chladn\u00fdch dn\u00ed ale neznamen\u00e1, \u017ee mus\u00edme chodi\u0165 oble\u010den\u00ed ako \u201eeskim\u00e1ci\u201c, a\u00a0nem\u00f4\u017eeme vyzera\u0165 dobre. S\u00a0ka\u017edou novou sez\u00f3nou si m\u00f3dni n\u00e1vrh\u00e1ri pripravuj\u00fa aj nov\u00e9 trendy v\u00a0obliekan\u00ed, pod\u013ea ktor\u00fdch sa ve\u013ea \u013eud\u00ed rado ... <a title=\"Bude zima, bude mr\u00e1z\" class=\"read-more\" href=\"https:\/\/www.alfatyre.sk\/bude-zima-bude-mraz\/\">Read more<span class=\"screen-reader-text\">Bude zima, bude mr\u00e1z<\/span><\/a>","datePublished":"2017-02-28","dateModified":"2023-04-25","author":{"@type":"Person","@id":"https:\/\/www.alfatyre.sk\/author\/#Person","name":"","url":"https:\/\/www.alfatyre.sk\/author\/","identifier":1,"image":{"@type":"ImageObject","@id":"https:\/\/secure.gravatar.com\/avatar\/a6945111a6684c356ffa2edea93eeeab9450e38d2439d8ecd0a625f734db9218?s=96&d=mm&r=g","url":"https:\/\/secure.gravatar.com\/avatar\/a6945111a6684c356ffa2edea93eeeab9450e38d2439d8ecd0a625f734db9218?s=96&d=mm&r=g","height":96,"width":96}},"publisher":{"@type":"Organization","name":"alfatyre.sk","logo":{"@type":"ImageObject","@id":"\/logo.png","url":"\/logo.png","width":600,"height":60}},"image":{"@type":"ImageObject","@id":"https:\/\/www.alfatyre.sk\/wp-content\/uploads\/img_a280459_w2020_t1493583154.jpg","url":"https:\/\/www.alfatyre.sk\/wp-content\/uploads\/img_a280459_w2020_t1493583154.jpg","height":0,"width":0},"url":"https:\/\/www.alfatyre.sk\/bude-zima-bude-mraz\/","wordCount":491,"articleBody":"S\u00a0pr\u00edchodom jesene\u00a0 a\u00a0zimy sa men\u00ed aj n\u00e1\u0161 \u0161atn\u00edk. Asi sa neradi l\u00fa\u010dime s\u00a0\u013eahu\u010dk\u00fdmi materi\u00e1lmi a\u00a0k\u00faskami oble\u010denia, ktor\u00e9 n\u00e1m robili spolo\u010dnos\u0165 a\u00a0dobr\u00fa slu\u017ebu v\u00a0tepl\u00fdch mesiacoch. N\u00e1stup chladn\u00fdch dn\u00ed ale neznamen\u00e1, \u017ee mus\u00edme chodi\u0165 oble\u010den\u00ed ako \u201eeskim\u00e1ci\u201c, a\u00a0nem\u00f4\u017eeme vyzera\u0165 dobre. S\u00a0ka\u017edou novou sez\u00f3nou si m\u00f3dni n\u00e1vrh\u00e1ri pripravuj\u00fa aj nov\u00e9 trendy v\u00a0obliekan\u00ed, pod\u013ea ktor\u00fdch sa ve\u013ea \u013eud\u00ed rado oblieka. Netreba sa ale striktne dr\u017ea\u0165 v\u0161etk\u00fdch \u201edobr\u00fdch r\u00e1d\u201c a\u00a0s\u00a0ka\u017edou sez\u00f3nou meni\u0165 svoj \u0161atn\u00edk, aby sme i\u0161li s\u00a0m\u00f3dou. Sta\u010d\u00ed jedna drobn\u00e1 m\u00f3dna vychyt\u00e1vka, a\u00a0aj tak m\u00f4\u017eeme by\u0165 trendy.\u00a0\u010co zahreje a\u00a0je in?Na t\u00fato jesenno-zimn\u00fa sez\u00f3nu si m\u00f3dni tvorcovia pripravili nieko\u013eko noviniek, ale aj n\u00e1vrat k\u00a0star\u00e9mu \u0161t\u00fdlu. Sta\u010d\u00ed si len spr\u00e1vne vybra\u0165 a\u00a0skombinova\u0165 s\u00a0t\u00fdm, \u010do u\u017e v\u00a0\u0161atn\u00edku m\u00e1me. \u010co je teda in?\u00b7\u00a0\u00a0\u00a0\u00a0\u00a0\u00a0\u00a0\u00a0 Pohodln\u00e9 svetre a\u00a0pul\u00f3vre, ktor\u00e9 nikdy nevyjd\u00fa z\u00a0m\u00f3dy. Zahrej\u00fa a\u00a0vyzeraj\u00fa dobre. M\u00f4\u017eete si zadov\u00e1\u017ei\u0165 farebn\u00e9 a\u00a0vesel\u00e9 k\u00fasky, ale ako sa hovor\u00ed: \u201ev jednoduchosti je kr\u00e1sa\u201c, preto za\u017eiarite i\u00a0v\u00a0jednoduch\u00fdch modeloch a\u00a0prirodzen\u00fdch farb\u00e1ch ako je biela, kr\u00e9mov\u00e1, telov\u00e1 \u010di siv\u00e1.\u00b7\u00a0\u00a0\u00a0\u00a0\u00a0\u00a0\u00a0\u00a0 \u010co by to bola zima bez teplej bundy? Nie, bundy sa nemusia nosi\u0165 len na \u0161portov\u00e9 aktivity, ale s\u00fa pr\u00edjemn\u00fdm spolo\u010dn\u00edkom v\u00a0zimn\u00fdch mesiacoch kamko\u013evek sa vyberiete. Kvalitn\u00e9 p\u00e1perov\u00e9 bundy v\u00a0pestr\u00fdch farb\u00e1ch s\u00fa to prav\u00e9, \u010do potrebujete, aby v\u00e1m v\u00a0zime nebolo chladno.\u00b7\u00a0\u00a0\u00a0\u00a0\u00a0\u00a0\u00a0\u00a0 Zamat u\u017e od poh\u013eadu vyvol\u00e1va pocit tepla. Tento na dotyk ve\u013emi pr\u00edjemn\u00fd a tepl\u00fd materi\u00e1l v\u00a0pestr\u00fdch farb\u00e1ch je v\u00a0tejto zimnej sez\u00f3ne novinkou, ktor\u00fa m\u00f4\u017eete nosi\u0165 na \u0161at\u00e1ch, bund\u00e1ch alebo i\u00a0obuvi.\u00b7\u00a0\u00a0\u00a0\u00a0\u00a0\u00a0\u00a0\u00a0 Nikde nie je nap\u00edsan\u00e9, \u017ee s\u00a0pr\u00edchodom zimy musia d\u00e1my odlo\u017ei\u0165 sukne a\u00a0vrhn\u00fa\u0165 sa striktne na nosenie nohav\u00edc. Peknou kombin\u00e1ciou sukne a\u00a0tepl\u00e9ho svetra alebo\u00a0pul\u00f3vra dosiahnete ten spr\u00e1vny efekt.\u00b7\u00a0\u00a0\u00a0\u00a0\u00a0\u00a0\u00a0\u00a0 Tepl\u00e9 vlnen\u00e9 oble\u010denie a\u00a0doplnky s\u00fa tie\u017e in. Nielen\u017ee dobre vyzeraj\u00fa, ale hlavne perfektne zahrej\u00fa aj v\u00a0t\u00fdch najkrutej\u0161\u00edch mrazoch.\u00b7\u00a0\u00a0\u00a0\u00a0\u00a0\u00a0\u00a0\u00a0 Kvety a\u00a0farebn\u00e9 aplik\u00e1cie nemusia by\u0165 len ozdobou letn\u00e9ho \u0161atn\u00edka. Ich pou\u017eitie na zimn\u00fdch kab\u00e1toch \u010di svetroch v\u00e1m prines\u00fa pr\u00edjemn\u00fd pocit aj v\u00a0zime.\u00b7\u00a0\u00a0\u00a0\u00a0\u00a0\u00a0\u00a0\u00a0 80. roky s\u00fa sp\u00e4\u0165. Teda aspo\u0148 \u010do sa t\u00fdka \u0161irok\u00fdch ramenn\u00fdch vypch\u00e1vok, ktor\u00e9 sa v\u00a0zimnej sez\u00f3ne vr\u00e1tili do m\u00f3dy. Nie ka\u017ed\u00e9mu je tento trend po chuti, ale proti gustu&#8230;M\u00f3da je pestr\u00e1 aj napriek ro\u010dn\u00e9mu obdobiu, preto si sta\u010d\u00ed len spr\u00e1vne vybra\u0165.                                                                                                                                                                                                                                                                                                                                                                                        4.6\/5 - (5 votes)        "},{"@context":"https:\/\/schema.org\/","@type":"BreadcrumbList","itemListElement":[{"@type":"ListItem","position":1,"name":"Bude zima, bude mr\u00e1z","item":"https:\/\/www.alfatyre.sk\/bude-zima-bude-mraz\/#breadcrumbitem"}]}]